{"id":1337,"date":"2026-03-14T08:49:19","date_gmt":"2026-03-14T07:49:19","guid":{"rendered":"https:\/\/puf.rs\/?p=1337"},"modified":"2026-03-14T08:49:20","modified_gmt":"2026-03-14T07:49:20","slug":"tiranija-cutanja-u-skupstini-zrenjanina","status":"publish","type":"post","link":"https:\/\/puf.rs\/index.php\/2026\/03\/14\/tiranija-cutanja-u-skupstini-zrenjanina\/","title":{"rendered":"Tiranija \u0107utanja u Skup\u0161tini Zrenjanina"},"content":{"rendered":"\n<p>Na 10. sednici Skup\u0161tine grada Zrenjanina <strong>opozicija je predala 110 dopuna dnevnog reda<\/strong>. Sve su <strong>odbijene<\/strong>. Ne zato \u0161to su lo\u0161e, ne zato \u0161to nisu u interesu gra\u0111ana, isklju\u010divi razlog je taj  \u0161to <strong>SNS odbornici i ve\u0107nici sede i \u0107ute<\/strong>.<\/p>\n\n\n\n<p>Ne raspravljaju.<\/p>\n\n\n\n<p>Ne odgovaraju.<\/p>\n\n\n\n<p>Kada opozicija tra\u017ei da se raspravlja o poskupljenju vode, netransparentnim cenama, problemima koji direktno uti\u010du na \u017eivot gra\u0111ana,  <strong>odbornici vlasti glume fikuse<\/strong>. Sede u klupama i ne glasaju ni za, ni protiv, ni uzdr\u017eano.<\/p>\n\n\n\n<p>Me\u0111utim, kada treba da se izglasaju <strong>nova poskupljenja, novi nameti ili nova imenovanja<\/strong> njihovih kadrova, tada su savr\u0161eno organizovani \u2013 ruke se podi\u017eu bez ikakve rasprave.<\/p>\n\n\n\n<p>Postavlja se jednostavno pitanje:<\/p>\n\n\n\n<p><strong>Za \u0161ta gra\u0111ani Zrenjanina pla\u0107aju te odbornike i ve\u0107nike?<\/strong><\/p>\n\n\n\n<p><strong>Koja je svrha sednice<\/strong> na kojoj vlast odbija da u\u010destvuje u raspravi, ali uredno donosi odluke koje poga\u0111aju d\u017eep svakog gra\u0111anina?<\/p>\n\n\n\n<p>Posebno je zabrinjavaju\u0107e \u0161to se ove sednice odr\u017eavaju <strong>bez javnog prenosa<\/strong>, a na poslednjoj su \u010dak <strong>zabranili ulaz akreditovanim novinarima<\/strong>. Ako javnost ne sme da vidi kako vlast donosi odluke \u2013 onda to vi\u0161e nije sednica skup\u0161tine.<\/p>\n\n\n\n<p><strong>To je zatvoreni politi\u010dki bunker.<\/strong><\/p>\n\n\n\n<p>Na istoj sednici usvojen je i novi pravilnik koji navodno treba da uvede \u201cred\u201d u skup\u0161tini. U praksi to zna\u010di:<\/p>\n\n\n\n<p>\u2013 oduzimanje re\u010di odbornicima<\/p>\n\n\n\n<p>\u2013 nov\u010dane kazne<\/p>\n\n\n\n<p>\u2013 skra\u0107ivanje vremena za govor sa 3 na 2 minuta.<\/p>\n\n\n\n<p>Drugim re\u010dima \u2013 <strong>gu\u0161enje svake druga\u010dije misli.<\/strong><\/p>\n\n\n\n<p>Sve to <strong>vodi ka potpunoj represiji<\/strong> nad onima koji se usu\u0111uju da postavljaju pitanja i brane interes gra\u0111ana.<\/p>\n\n\n\n<p>Dok vlast \u0107uti i \u0161titi svoje odluke, <strong>Zrenjaninci pla\u0107aju najskuplje namete<\/strong> \u2013 od grejanja do vode \u010dija \u201cekonomska cena\u201d ne garantuje ni osnovnu ispravnost.<\/p>\n\n\n\n<p>Grad u kojem 20 godina nema pija\u0107e vode danas dobija vlast koja umesto odgovora bira <strong>ti\u0161inu, kazne i zatvorena vrata za javnost<\/strong>.<\/p>\n\n\n\n<p>Nikada u istoriji Zrenjanina nije postojala ovakva tiranija \u0107utanja \u2013 vlast koja brani svoju politiku tako \u0161to sedi, ne glasa i glumi fikuse, dok iza njih <strong>ostaje opusto\u0161en grad i osiroma\u0161eni gra\u0111ani.<\/strong><\/p>\n\n\n\n<p>Zrenjanin zaslu\u017euje skup\u0161tinu koja raspravlja, odgovara i radi u interesu ljudi \u2013 a ne pozori\u0161te ti\u0161ine koje <strong>slu\u017ei samo za za\u0161titu politi\u010dkog i finansijskog interesa vlasti.<\/strong><\/p>\n\n\n\n<p>Odborni\u010dka grupa Promene u fokusu -PUF<\/p>\n","protected":false},"excerpt":{"rendered":"<p>Na 10. sednici Skup\u0161tine grada Zrenjanina opozicija je predala 110 dopuna dnevnog reda. Sve su odbijene. Ne zato \u0161to su lo\u0161e, ne zato \u0161to nisu u interesu gra\u0111ana, isklju\u010divi razlog je taj \u0161to SNS odbornici i ve\u0107nici sede i \u0107ute. Ne raspravljaju. Ne odgovaraju. Kada opozicija tra\u017ei da se raspravlja o poskupljenju vode, netransparentnim cenama, [&hellip;]<\/p>\n","protected":false},"author":7,"featured_media":1338,"comment_status":"closed","ping_status":"open","sticky":false,"template":"","format":"standard","meta":{"footnotes":""},"categories":[1],"tags":[],"class_list":["post-1337","post","type-post","status-publish","format-standard","has-post-thumbnail","hentry","category-arhiva"],"blocksy_meta":[],"yoast_head":"<!-- This site is optimized with the Yoast SEO plugin v26.6 - https:\/\/yoast.com\/wordpress\/plugins\/seo\/ -->\n<title>Tiranija \u0107utanja u Skup\u0161tini Zrenjanina &#8902; PUF<\/title>\n<meta name=\"robots\" content=\"index, follow, max-snippet:-1, max-image-preview:large, max-video-preview:-1\" \/>\n<link rel=\"canonical\" href=\"https:\/\/puf.rs\/index.php\/2026\/03\/14\/tiranija-cutanja-u-skupstini-zrenjanina\/\" \/>\n<meta property=\"og:locale\" content=\"en_US\" \/>\n<meta property=\"og:type\" content=\"article\" \/>\n<meta property=\"og:title\" content=\"Tiranija \u0107utanja u Skup\u0161tini Zrenjanina &#8902; PUF\" \/>\n<meta property=\"og:description\" content=\"Na 10. sednici Skup\u0161tine grada Zrenjanina opozicija je predala 110 dopuna dnevnog reda. Sve su odbijene. Ne zato \u0161to su lo\u0161e, ne zato \u0161to nisu u interesu gra\u0111ana, isklju\u010divi razlog je taj \u0161to SNS odbornici i ve\u0107nici sede i \u0107ute. Ne raspravljaju. Ne odgovaraju. Kada opozicija tra\u017ei da se raspravlja o poskupljenju vode, netransparentnim cenama, [&hellip;]\" \/>\n<meta property=\"og:url\" content=\"https:\/\/puf.rs\/index.php\/2026\/03\/14\/tiranija-cutanja-u-skupstini-zrenjanina\/\" \/>\n<meta property=\"og:site_name\" content=\"PUF\" \/>\n<meta property=\"article:publisher\" content=\"https:\/\/www.facebook.com\/Pokretujedinjenihfantoma\/\" \/>\n<meta property=\"article:published_time\" content=\"2026-03-14T07:49:19+00:00\" \/>\n<meta property=\"article:modified_time\" content=\"2026-03-14T07:49:20+00:00\" \/>\n<meta property=\"og:image\" content=\"https:\/\/puf.rs\/wp-content\/uploads\/2026\/03\/15521.jpg\" \/>\n\t<meta property=\"og:image:width\" content=\"1600\" \/>\n\t<meta property=\"og:image:height\" content=\"1067\" \/>\n\t<meta property=\"og:image:type\" content=\"image\/jpeg\" \/>\n<meta name=\"author\" content=\"Olgica Raki\u0107\" \/>\n<meta name=\"twitter:card\" content=\"summary_large_image\" \/>\n<meta name=\"twitter:creator\" content=\"@FantomiSRB\" \/>\n<meta name=\"twitter:site\" content=\"@FantomiSRB\" \/>\n<meta name=\"twitter:label1\" content=\"Written by\" \/>\n\t<meta name=\"twitter:data1\" content=\"Olgica Raki\u0107\" \/>\n\t<meta name=\"twitter:label2\" content=\"Est. reading time\" \/>\n\t<meta name=\"twitter:data2\" content=\"2 minutes\" \/>\n<script type=\"application\/ld+json\" class=\"yoast-schema-graph\">{\"@context\":\"https:\/\/schema.org\",\"@graph\":[{\"@type\":\"Article\",\"@id\":\"https:\/\/puf.rs\/index.php\/2026\/03\/14\/tiranija-cutanja-u-skupstini-zrenjanina\/#article\",\"isPartOf\":{\"@id\":\"https:\/\/puf.rs\/index.php\/2026\/03\/14\/tiranija-cutanja-u-skupstini-zrenjanina\/\"},\"author\":{\"name\":\"Olgica Raki\u0107\",\"@id\":\"https:\/\/puf.rs\/#\/schema\/person\/fbccb893dc9a87d2dff5064b58a0bbe4\"},\"headline\":\"Tiranija \u0107utanja u Skup\u0161tini Zrenjanina\",\"datePublished\":\"2026-03-14T07:49:19+00:00\",\"dateModified\":\"2026-03-14T07:49:20+00:00\",\"mainEntityOfPage\":{\"@id\":\"https:\/\/puf.rs\/index.php\/2026\/03\/14\/tiranija-cutanja-u-skupstini-zrenjanina\/\"},\"wordCount\":392,\"publisher\":{\"@id\":\"https:\/\/puf.rs\/#organization\"},\"image\":{\"@id\":\"https:\/\/puf.rs\/index.php\/2026\/03\/14\/tiranija-cutanja-u-skupstini-zrenjanina\/#primaryimage\"},\"thumbnailUrl\":\"https:\/\/puf.rs\/wp-content\/uploads\/2026\/03\/15521.jpg\",\"articleSection\":[\"Arhiva\"],\"inLanguage\":\"en-US\"},{\"@type\":\"WebPage\",\"@id\":\"https:\/\/puf.rs\/index.php\/2026\/03\/14\/tiranija-cutanja-u-skupstini-zrenjanina\/\",\"url\":\"https:\/\/puf.rs\/index.php\/2026\/03\/14\/tiranija-cutanja-u-skupstini-zrenjanina\/\",\"name\":\"Tiranija \u0107utanja u Skup\u0161tini Zrenjanina &#8902; PUF\",\"isPartOf\":{\"@id\":\"https:\/\/puf.rs\/#website\"},\"primaryImageOfPage\":{\"@id\":\"https:\/\/puf.rs\/index.php\/2026\/03\/14\/tiranija-cutanja-u-skupstini-zrenjanina\/#primaryimage\"},\"image\":{\"@id\":\"https:\/\/puf.rs\/index.php\/2026\/03\/14\/tiranija-cutanja-u-skupstini-zrenjanina\/#primaryimage\"},\"thumbnailUrl\":\"https:\/\/puf.rs\/wp-content\/uploads\/2026\/03\/15521.jpg\",\"datePublished\":\"2026-03-14T07:49:19+00:00\",\"dateModified\":\"2026-03-14T07:49:20+00:00\",\"breadcrumb\":{\"@id\":\"https:\/\/puf.rs\/index.php\/2026\/03\/14\/tiranija-cutanja-u-skupstini-zrenjanina\/#breadcrumb\"},\"inLanguage\":\"en-US\",\"potentialAction\":[{\"@type\":\"ReadAction\",\"target\":[\"https:\/\/puf.rs\/index.php\/2026\/03\/14\/tiranija-cutanja-u-skupstini-zrenjanina\/\"]}]},{\"@type\":\"ImageObject\",\"inLanguage\":\"en-US\",\"@id\":\"https:\/\/puf.rs\/index.php\/2026\/03\/14\/tiranija-cutanja-u-skupstini-zrenjanina\/#primaryimage\",\"url\":\"https:\/\/puf.rs\/wp-content\/uploads\/2026\/03\/15521.jpg\",\"contentUrl\":\"https:\/\/puf.rs\/wp-content\/uploads\/2026\/03\/15521.jpg\",\"width\":1600,\"height\":1067},{\"@type\":\"BreadcrumbList\",\"@id\":\"https:\/\/puf.rs\/index.php\/2026\/03\/14\/tiranija-cutanja-u-skupstini-zrenjanina\/#breadcrumb\",\"itemListElement\":[{\"@type\":\"ListItem\",\"position\":1,\"name\":\"Home\",\"item\":\"https:\/\/puf.rs\/\"},{\"@type\":\"ListItem\",\"position\":2,\"name\":\"Tiranija \u0107utanja u Skup\u0161tini Zrenjanina\"}]},{\"@type\":\"WebSite\",\"@id\":\"https:\/\/puf.rs\/#website\",\"url\":\"https:\/\/puf.rs\/\",\"name\":\"PUF\",\"description\":\"Pokret ujedinjenih fantoma\",\"publisher\":{\"@id\":\"https:\/\/puf.rs\/#organization\"},\"potentialAction\":[{\"@type\":\"SearchAction\",\"target\":{\"@type\":\"EntryPoint\",\"urlTemplate\":\"https:\/\/puf.rs\/?s={search_term_string}\"},\"query-input\":{\"@type\":\"PropertyValueSpecification\",\"valueRequired\":true,\"valueName\":\"search_term_string\"}}],\"inLanguage\":\"en-US\"},{\"@type\":\"Organization\",\"@id\":\"https:\/\/puf.rs\/#organization\",\"name\":\"Pokret ujedinjenih fantoma\",\"url\":\"https:\/\/puf.rs\/\",\"logo\":{\"@type\":\"ImageObject\",\"inLanguage\":\"en-US\",\"@id\":\"https:\/\/puf.rs\/#\/schema\/logo\/image\/\",\"url\":\"https:\/\/puf.rs\/wp-content\/uploads\/2019\/08\/logo.png\",\"contentUrl\":\"https:\/\/puf.rs\/wp-content\/uploads\/2019\/08\/logo.png\",\"width\":376,\"height\":376,\"caption\":\"Pokret ujedinjenih fantoma\"},\"image\":{\"@id\":\"https:\/\/puf.rs\/#\/schema\/logo\/image\/\"},\"sameAs\":[\"https:\/\/www.facebook.com\/Pokretujedinjenihfantoma\/\",\"https:\/\/x.com\/FantomiSRB\",\"https:\/\/www.instagram.com\/fantomisrb\/\",\"https:\/\/www.youtube.com\/channel\/UCuKwyPhCS1WsxE0sr-Uzh5Q\/\"]},{\"@type\":\"Person\",\"@id\":\"https:\/\/puf.rs\/#\/schema\/person\/fbccb893dc9a87d2dff5064b58a0bbe4\",\"name\":\"Olgica Raki\u0107\",\"image\":{\"@type\":\"ImageObject\",\"inLanguage\":\"en-US\",\"@id\":\"https:\/\/puf.rs\/#\/schema\/person\/image\/\",\"url\":\"https:\/\/secure.gravatar.com\/avatar\/309d98548db352dcb2171a2582703cb1edc9282a249956ec4805f0bf8c15f089?s=96&d=mm&r=g\",\"contentUrl\":\"https:\/\/secure.gravatar.com\/avatar\/309d98548db352dcb2171a2582703cb1edc9282a249956ec4805f0bf8c15f089?s=96&d=mm&r=g\",\"caption\":\"Olgica Raki\u0107\"},\"url\":\"https:\/\/puf.rs\/index.php\/author\/olgica\/\"}]}<\/script>\n<!-- \/ Yoast SEO plugin. -->","yoast_head_json":{"title":"Tiranija \u0107utanja u Skup\u0161tini Zrenjanina &#8902; PUF","robots":{"index":"index","follow":"follow","max-snippet":"max-snippet:-1","max-image-preview":"max-image-preview:large","max-video-preview":"max-video-preview:-1"},"canonical":"https:\/\/puf.rs\/index.php\/2026\/03\/14\/tiranija-cutanja-u-skupstini-zrenjanina\/","og_locale":"en_US","og_type":"article","og_title":"Tiranija \u0107utanja u Skup\u0161tini Zrenjanina &#8902; PUF","og_description":"Na 10. sednici Skup\u0161tine grada Zrenjanina opozicija je predala 110 dopuna dnevnog reda. Sve su odbijene. Ne zato \u0161to su lo\u0161e, ne zato \u0161to nisu u interesu gra\u0111ana, isklju\u010divi razlog je taj \u0161to SNS odbornici i ve\u0107nici sede i \u0107ute. Ne raspravljaju. Ne odgovaraju. Kada opozicija tra\u017ei da se raspravlja o poskupljenju vode, netransparentnim cenama, [&hellip;]","og_url":"https:\/\/puf.rs\/index.php\/2026\/03\/14\/tiranija-cutanja-u-skupstini-zrenjanina\/","og_site_name":"PUF","article_publisher":"https:\/\/www.facebook.com\/Pokretujedinjenihfantoma\/","article_published_time":"2026-03-14T07:49:19+00:00","article_modified_time":"2026-03-14T07:49:20+00:00","og_image":[{"width":1600,"height":1067,"url":"https:\/\/puf.rs\/wp-content\/uploads\/2026\/03\/15521.jpg","type":"image\/jpeg"}],"author":"Olgica Raki\u0107","twitter_card":"summary_large_image","twitter_creator":"@FantomiSRB","twitter_site":"@FantomiSRB","twitter_misc":{"Written by":"Olgica Raki\u0107","Est. reading time":"2 minutes"},"schema":{"@context":"https:\/\/schema.org","@graph":[{"@type":"Article","@id":"https:\/\/puf.rs\/index.php\/2026\/03\/14\/tiranija-cutanja-u-skupstini-zrenjanina\/#article","isPartOf":{"@id":"https:\/\/puf.rs\/index.php\/2026\/03\/14\/tiranija-cutanja-u-skupstini-zrenjanina\/"},"author":{"name":"Olgica Raki\u0107","@id":"https:\/\/puf.rs\/#\/schema\/person\/fbccb893dc9a87d2dff5064b58a0bbe4"},"headline":"Tiranija \u0107utanja u Skup\u0161tini Zrenjanina","datePublished":"2026-03-14T07:49:19+00:00","dateModified":"2026-03-14T07:49:20+00:00","mainEntityOfPage":{"@id":"https:\/\/puf.rs\/index.php\/2026\/03\/14\/tiranija-cutanja-u-skupstini-zrenjanina\/"},"wordCount":392,"publisher":{"@id":"https:\/\/puf.rs\/#organization"},"image":{"@id":"https:\/\/puf.rs\/index.php\/2026\/03\/14\/tiranija-cutanja-u-skupstini-zrenjanina\/#primaryimage"},"thumbnailUrl":"https:\/\/puf.rs\/wp-content\/uploads\/2026\/03\/15521.jpg","articleSection":["Arhiva"],"inLanguage":"en-US"},{"@type":"WebPage","@id":"https:\/\/puf.rs\/index.php\/2026\/03\/14\/tiranija-cutanja-u-skupstini-zrenjanina\/","url":"https:\/\/puf.rs\/index.php\/2026\/03\/14\/tiranija-cutanja-u-skupstini-zrenjanina\/","name":"Tiranija \u0107utanja u Skup\u0161tini Zrenjanina &#8902; PUF","isPartOf":{"@id":"https:\/\/puf.rs\/#website"},"primaryImageOfPage":{"@id":"https:\/\/puf.rs\/index.php\/2026\/03\/14\/tiranija-cutanja-u-skupstini-zrenjanina\/#primaryimage"},"image":{"@id":"https:\/\/puf.rs\/index.php\/2026\/03\/14\/tiranija-cutanja-u-skupstini-zrenjanina\/#primaryimage"},"thumbnailUrl":"https:\/\/puf.rs\/wp-content\/uploads\/2026\/03\/15521.jpg","datePublished":"2026-03-14T07:49:19+00:00","dateModified":"2026-03-14T07:49:20+00:00","breadcrumb":{"@id":"https:\/\/puf.rs\/index.php\/2026\/03\/14\/tiranija-cutanja-u-skupstini-zrenjanina\/#breadcrumb"},"inLanguage":"en-US","potentialAction":[{"@type":"ReadAction","target":["https:\/\/puf.rs\/index.php\/2026\/03\/14\/tiranija-cutanja-u-skupstini-zrenjanina\/"]}]},{"@type":"ImageObject","inLanguage":"en-US","@id":"https:\/\/puf.rs\/index.php\/2026\/03\/14\/tiranija-cutanja-u-skupstini-zrenjanina\/#primaryimage","url":"https:\/\/puf.rs\/wp-content\/uploads\/2026\/03\/15521.jpg","contentUrl":"https:\/\/puf.rs\/wp-content\/uploads\/2026\/03\/15521.jpg","width":1600,"height":1067},{"@type":"BreadcrumbList","@id":"https:\/\/puf.rs\/index.php\/2026\/03\/14\/tiranija-cutanja-u-skupstini-zrenjanina\/#breadcrumb","itemListElement":[{"@type":"ListItem","position":1,"name":"Home","item":"https:\/\/puf.rs\/"},{"@type":"ListItem","position":2,"name":"Tiranija \u0107utanja u Skup\u0161tini Zrenjanina"}]},{"@type":"WebSite","@id":"https:\/\/puf.rs\/#website","url":"https:\/\/puf.rs\/","name":"PUF","description":"Pokret ujedinjenih fantoma","publisher":{"@id":"https:\/\/puf.rs\/#organization"},"potentialAction":[{"@type":"SearchAction","target":{"@type":"EntryPoint","urlTemplate":"https:\/\/puf.rs\/?s={search_term_string}"},"query-input":{"@type":"PropertyValueSpecification","valueRequired":true,"valueName":"search_term_string"}}],"inLanguage":"en-US"},{"@type":"Organization","@id":"https:\/\/puf.rs\/#organization","name":"Pokret ujedinjenih fantoma","url":"https:\/\/puf.rs\/","logo":{"@type":"ImageObject","inLanguage":"en-US","@id":"https:\/\/puf.rs\/#\/schema\/logo\/image\/","url":"https:\/\/puf.rs\/wp-content\/uploads\/2019\/08\/logo.png","contentUrl":"https:\/\/puf.rs\/wp-content\/uploads\/2019\/08\/logo.png","width":376,"height":376,"caption":"Pokret ujedinjenih fantoma"},"image":{"@id":"https:\/\/puf.rs\/#\/schema\/logo\/image\/"},"sameAs":["https:\/\/www.facebook.com\/Pokretujedinjenihfantoma\/","https:\/\/x.com\/FantomiSRB","https:\/\/www.instagram.com\/fantomisrb\/","https:\/\/www.youtube.com\/channel\/UCuKwyPhCS1WsxE0sr-Uzh5Q\/"]},{"@type":"Person","@id":"https:\/\/puf.rs\/#\/schema\/person\/fbccb893dc9a87d2dff5064b58a0bbe4","name":"Olgica Raki\u0107","image":{"@type":"ImageObject","inLanguage":"en-US","@id":"https:\/\/puf.rs\/#\/schema\/person\/image\/","url":"https:\/\/secure.gravatar.com\/avatar\/309d98548db352dcb2171a2582703cb1edc9282a249956ec4805f0bf8c15f089?s=96&d=mm&r=g","contentUrl":"https:\/\/secure.gravatar.com\/avatar\/309d98548db352dcb2171a2582703cb1edc9282a249956ec4805f0bf8c15f089?s=96&d=mm&r=g","caption":"Olgica Raki\u0107"},"url":"https:\/\/puf.rs\/index.php\/author\/olgica\/"}]}},"_links":{"self":[{"href":"https:\/\/puf.rs\/index.php\/wp-json\/wp\/v2\/posts\/1337","targetHints":{"allow":["GET"]}}],"collection":[{"href":"https:\/\/puf.rs\/index.php\/wp-json\/wp\/v2\/posts"}],"about":[{"href":"https:\/\/puf.rs\/index.php\/wp-json\/wp\/v2\/types\/post"}],"author":[{"embeddable":true,"href":"https:\/\/puf.rs\/index.php\/wp-json\/wp\/v2\/users\/7"}],"replies":[{"embeddable":true,"href":"https:\/\/puf.rs\/index.php\/wp-json\/wp\/v2\/comments?post=1337"}],"version-history":[{"count":1,"href":"https:\/\/puf.rs\/index.php\/wp-json\/wp\/v2\/posts\/1337\/revisions"}],"predecessor-version":[{"id":1339,"href":"https:\/\/puf.rs\/index.php\/wp-json\/wp\/v2\/posts\/1337\/revisions\/1339"}],"wp:featuredmedia":[{"embeddable":true,"href":"https:\/\/puf.rs\/index.php\/wp-json\/wp\/v2\/media\/1338"}],"wp:attachment":[{"href":"https:\/\/puf.rs\/index.php\/wp-json\/wp\/v2\/media?parent=1337"}],"wp:term":[{"taxonomy":"category","embeddable":true,"href":"https:\/\/puf.rs\/index.php\/wp-json\/wp\/v2\/categories?post=1337"},{"taxonomy":"post_tag","embeddable":true,"href":"https:\/\/puf.rs\/index.php\/wp-json\/wp\/v2\/tags?post=1337"}],"curies":[{"name":"wp","href":"https:\/\/api.w.org\/{rel}","templated":true}]}}